{"id":112,"date":"2026-05-06T10:43:15","date_gmt":"2026-05-06T10:43:15","guid":{"rendered":"https:\/\/noalcrematorio.es\/?p=112"},"modified":"2026-05-08T11:13:16","modified_gmt":"2026-05-08T11:13:16","slug":"interfunerarias-dice-que-su-nuevo-crematorio-de-alcorcon-es-legal-y-seguro","status":"publish","type":"post","link":"https:\/\/stopcrematorioalcorcon.es\/index.php\/2026\/05\/06\/interfunerarias-dice-que-su-nuevo-crematorio-de-alcorcon-es-legal-y-seguro\/","title":{"rendered":"Interfunerarias dice que su nuevo crematorio de Alcorc\u00f3n es \u00ablegal y seguro\u00bb"},"content":{"rendered":"\n<p class=\"wp-block-paragraph\">La empresa promotora del pol\u00e9mico<strong>&nbsp;tanatorio-crematorio<\/strong>&nbsp;en un pol\u00edgono industrial de&nbsp;<strong>Alcorc\u00f3n<\/strong>&nbsp;mantiene que su futura instalaci\u00f3n es \"plenamente&nbsp;<strong>legal y segura<\/strong>\" y que el proyecto cumple con \"todos los requisitos legales, t\u00e9cnicos y ambientales exigidos por la ley\".<\/p>\n\n\n\n<p class=\"wp-block-paragraph\">Los vecinos de este barrio iniciaron una movilizaci\u00f3n para tratar de frenar esta nueva instalaci\u00f3n, impulsada por la empresa<strong>&nbsp;Interfunerarias S.L.<\/strong>&nbsp;en la calle Industrias, n\u00famero 19, en pleno entorno del&nbsp;<strong>pol\u00edgono Urtinsa<\/strong>, en suelo industrial, aunque en una parcela muy cercana a viviendas.<\/p>\n\n\n\n<p class=\"wp-block-paragraph\">Noticia completa en: <a href=\"https:\/\/www.telemadrid.es\/noticias\/madrid\/Interfunerarias-dice-que-su-nuevo-crematorio-de-Alcorcon-es-legal-y-seguro-0-2886311346--20260506122020.html\" target=\"_blank\" rel=\"noreferrer noopener\">https:\/\/www.telemadrid.es\/noticias\/madrid\/Interfunerarias-dice-que-su-nuevo-crematorio-de-Alcorcon-es-legal-y-seguro-0-2886311346--20260506122020.html<\/a><\/p>\n","protected":false},"excerpt":{"rendered":"<p>La empresa promotora del pol\u00e9mico&nbsp;tanatorio-crematorio&nbsp;en un pol\u00edgono industrial de&nbsp;Alcorc\u00f3n&nbsp;mantiene que su futura instalaci\u00f3n es \u00abplenamente&nbsp;legal y segura\u00bb y que el proyecto cumple con \u00abtodos los requisitos legales, t\u00e9cnicos y ambientales exigidos por la ley\u00bb. Los vecinos de este barrio iniciaron una movilizaci\u00f3n para tratar de frenar esta nueva instalaci\u00f3n, impulsada por la empresa&nbsp;Interfunerarias S.L.&nbsp;en la [&hellip;]<\/p>\n","protected":false},"author":1,"featured_media":142,"comment_status":"open","ping_status":"open","sticky":false,"template":"","format":"standard","meta":{"footnotes":""},"categories":[3],"tags":[],"class_list":["post-112","post","type-post","status-publish","format-standard","has-post-thumbnail","hentry","category-en-los-medios"],"_links":{"self":[{"href":"https:\/\/stopcrematorioalcorcon.es\/index.php\/wp-json\/wp\/v2\/posts\/112","targetHints":{"allow":["GET"]}}],"collection":[{"href":"https:\/\/stopcrematorioalcorcon.es\/index.php\/wp-json\/wp\/v2\/posts"}],"about":[{"href":"https:\/\/stopcrematorioalcorcon.es\/index.php\/wp-json\/wp\/v2\/types\/post"}],"author":[{"embeddable":true,"href":"https:\/\/stopcrematorioalcorcon.es\/index.php\/wp-json\/wp\/v2\/users\/1"}],"replies":[{"embeddable":true,"href":"https:\/\/stopcrematorioalcorcon.es\/index.php\/wp-json\/wp\/v2\/comments?post=112"}],"version-history":[{"count":2,"href":"https:\/\/stopcrematorioalcorcon.es\/index.php\/wp-json\/wp\/v2\/posts\/112\/revisions"}],"predecessor-version":[{"id":144,"href":"https:\/\/stopcrematorioalcorcon.es\/index.php\/wp-json\/wp\/v2\/posts\/112\/revisions\/144"}],"wp:featuredmedia":[{"embeddable":true,"href":"https:\/\/stopcrematorioalcorcon.es\/index.php\/wp-json\/wp\/v2\/media\/142"}],"wp:attachment":[{"href":"https:\/\/stopcrematorioalcorcon.es\/index.php\/wp-json\/wp\/v2\/media?parent=112"}],"wp:term":[{"taxonomy":"category","embeddable":true,"href":"https:\/\/stopcrematorioalcorcon.es\/index.php\/wp-json\/wp\/v2\/categories?post=112"},{"taxonomy":"post_tag","embeddable":true,"href":"https:\/\/stopcrematorioalcorcon.es\/index.php\/wp-json\/wp\/v2\/tags?post=112"}],"curies":[{"name":"wp","href":"https:\/\/api.w.org\/{rel}","templated":true}]}}