{"id":150,"date":"2026-05-06T13:55:00","date_gmt":"2026-05-06T13:55:00","guid":{"rendered":"https:\/\/stopcrematorioalcorcon.es\/?p=150"},"modified":"2026-05-08T11:42:10","modified_gmt":"2026-05-08T11:42:10","slug":"la-promotora-del-nuevo-tanatorio-de-alcorcon-insiste-el-proyecto-es-legal-y-cumple-todos-los-requisitos-ambientales","status":"publish","type":"post","link":"https:\/\/stopcrematorioalcorcon.es\/index.php\/2026\/05\/06\/la-promotora-del-nuevo-tanatorio-de-alcorcon-insiste-el-proyecto-es-legal-y-cumple-todos-los-requisitos-ambientales\/","title":{"rendered":"La promotora del nuevo tanatorio de Alcorc\u00f3n insiste: el proyecto es legal y cumple todos los requisitos ambientales"},"content":{"rendered":"\n<p class=\"wp-block-paragraph\">La empresa promotora del pol\u00e9mico tanatorio-crematorio en un pol\u00edgono industrial de&nbsp;<a href=\"https:\/\/cadenaser.com\/tag\/alcorcon\/a\/\" target=\"_blank\" rel=\"noreferrer noopener\">Alcorc\u00f3n<\/a>&nbsp;mantiene que su futura instalaci\u00f3n es \"plenamente legal y segura\" y que el proyecto cumple con \"todos los requisitos legales, t\u00e9cnicos y ambientales exigidos por la ley\".<\/p>\n\n\n\n<p class=\"wp-block-paragraph\">Los vecinos de este barrio iniciaron una movilizaci\u00f3n para tratar de frenar esta nueva instalaci\u00f3n, impulsada por la empresa Interfunerarias S.L. en la calle Industrias, n\u00famero 19, en pleno entorno del pol\u00edgono Urtinsa, en suelo industrial, aunque en una parcela muy cercana a viviendas.<\/p>\n\n\n\n<p class=\"wp-block-paragraph\">Noticia completa en: <a href=\"https:\/\/cadenaser.com\/cmadrid\/2026\/05\/06\/la-promotora-del-nuevo-tanatorio-de-alcorcon-insiste-el-proyecto-es-legal-y-cumple-todos-los-requisitos-ambientales-ser-madrid-oeste\/\" target=\"_blank\" rel=\"noreferrer noopener\">https:\/\/cadenaser.com\/cmadrid\/2026\/05\/06\/la-promotora-del-nuevo-tanatorio-de-alcorcon-insiste-el-proyecto-es-legal-y-cumple-todos-los-requisitos-ambientales-ser-madrid-oeste\/<\/a><\/p>\n","protected":false},"excerpt":{"rendered":"<p>La empresa promotora del pol\u00e9mico tanatorio-crematorio en un pol\u00edgono industrial de&nbsp;Alcorc\u00f3n&nbsp;mantiene que su futura instalaci\u00f3n es \u00abplenamente legal y segura\u00bb y que el proyecto cumple con \u00abtodos los requisitos legales, t\u00e9cnicos y ambientales exigidos por la ley\u00bb. Los vecinos de este barrio iniciaron una movilizaci\u00f3n para tratar de frenar esta nueva instalaci\u00f3n, impulsada por la [&hellip;]<\/p>\n","protected":false},"author":2,"featured_media":135,"comment_status":"open","ping_status":"open","sticky":false,"template":"","format":"standard","meta":{"footnotes":""},"categories":[3],"tags":[],"class_list":["post-150","post","type-post","status-publish","format-standard","has-post-thumbnail","hentry","category-en-los-medios"],"_links":{"self":[{"href":"https:\/\/stopcrematorioalcorcon.es\/index.php\/wp-json\/wp\/v2\/posts\/150","targetHints":{"allow":["GET"]}}],"collection":[{"href":"https:\/\/stopcrematorioalcorcon.es\/index.php\/wp-json\/wp\/v2\/posts"}],"about":[{"href":"https:\/\/stopcrematorioalcorcon.es\/index.php\/wp-json\/wp\/v2\/types\/post"}],"author":[{"embeddable":true,"href":"https:\/\/stopcrematorioalcorcon.es\/index.php\/wp-json\/wp\/v2\/users\/2"}],"replies":[{"embeddable":true,"href":"https:\/\/stopcrematorioalcorcon.es\/index.php\/wp-json\/wp\/v2\/comments?post=150"}],"version-history":[{"count":1,"href":"https:\/\/stopcrematorioalcorcon.es\/index.php\/wp-json\/wp\/v2\/posts\/150\/revisions"}],"predecessor-version":[{"id":151,"href":"https:\/\/stopcrematorioalcorcon.es\/index.php\/wp-json\/wp\/v2\/posts\/150\/revisions\/151"}],"wp:featuredmedia":[{"embeddable":true,"href":"https:\/\/stopcrematorioalcorcon.es\/index.php\/wp-json\/wp\/v2\/media\/135"}],"wp:attachment":[{"href":"https:\/\/stopcrematorioalcorcon.es\/index.php\/wp-json\/wp\/v2\/media?parent=150"}],"wp:term":[{"taxonomy":"category","embeddable":true,"href":"https:\/\/stopcrematorioalcorcon.es\/index.php\/wp-json\/wp\/v2\/categories?post=150"},{"taxonomy":"post_tag","embeddable":true,"href":"https:\/\/stopcrematorioalcorcon.es\/index.php\/wp-json\/wp\/v2\/tags?post=150"}],"curies":[{"name":"wp","href":"https:\/\/api.w.org\/{rel}","templated":true}]}}