{"id":152,"date":"2026-05-07T12:00:00","date_gmt":"2026-05-07T12:00:00","guid":{"rendered":"https:\/\/stopcrematorioalcorcon.es\/?p=152"},"modified":"2026-05-10T17:24:19","modified_gmt":"2026-05-10T17:24:19","slug":"si-se-puede-asi-ha-evitado-el-crematorio-san-sebastian-de-los-reyes","status":"publish","type":"post","link":"https:\/\/stopcrematorioalcorcon.es\/index.php\/2026\/05\/07\/si-se-puede-asi-ha-evitado-el-crematorio-san-sebastian-de-los-reyes\/","title":{"rendered":"\u00a1S\u00cd SE PUEDE! As\u00ed ha evitado el crematorio San Sebasti\u00e1n de los Reyes"},"content":{"rendered":"\n<p class=\"wp-block-paragraph\">El barrio del Parque de Ondarreta mira estos d\u00edas con preocupaci\u00f3n hacia la\u00a0calle Industrias, en pleno entorno de Urtinsa. All\u00ed est\u00e1 proyectado un tanatorio-crematorio privado que, seg\u00fan han denunciado los vecinos, se levantar\u00eda a apenas 350 metros de las viviendas. Una distancia que ha encendido todas las alarmas en el barrio por el posible impacto en la calidad del aire, el ruido, el tr\u00e1fico y la salud de quienes viven, pasean, compran o hacen vida diaria en la zona.<\/p>\n\n\n\n<p class=\"wp-block-paragraph\">Pero mientras en Alcorc\u00f3n los vecinos sienten que se les responde con resignaci\u00f3n administrativa, hay otro municipio madrile\u00f1o que acaba de demostrar justo lo contrario: s\u00ed se puede plantar cara. San Sebasti\u00e1n de los Reyes ha conseguido cerrar definitivamente el intento de construir un cementerio con tanatorio y crematorio en una zona cercana a varios n\u00facleos poblacionales, seg\u00fan ha publicado&nbsp;<em>La Plaza de Sanse<\/em>. La Sala de lo Contencioso-Administrativo del Tribunal Supremo ha inadmitido el recurso de casaci\u00f3n presentado por la empresa promotora, dejando sin recorrido sus pretensiones.<\/p>\n\n\n\n<p class=\"wp-block-paragraph\">Noticia completa en: <a href=\"https:\/\/www.noticiasalcorcon.com\/2026\/05\/07\/si-se-puede-asi-ha-evitado-el-crematorio-san-sebastian-de-los-reyes\/\" target=\"_blank\" rel=\"noreferrer noopener\">https:\/\/www.noticiasalcorcon.com\/2026\/05\/07\/si-se-puede-asi-ha-evitado-el-crematorio-san-sebastian-de-los-reyes\/<\/a><\/p>\n","protected":false},"excerpt":{"rendered":"<p>El barrio del Parque de Ondarreta mira estos d\u00edas con preocupaci\u00f3n hacia la\u00a0calle Industrias, en pleno entorno de Urtinsa. All\u00ed est\u00e1 proyectado un tanatorio-crematorio privado que, seg\u00fan han denunciado los vecinos, se levantar\u00eda a apenas 350 metros de las viviendas. Una distancia que ha encendido todas las alarmas en el barrio por el posible impacto [&hellip;]<\/p>\n","protected":false},"author":2,"featured_media":45,"comment_status":"open","ping_status":"open","sticky":false,"template":"","format":"standard","meta":{"footnotes":""},"categories":[3],"tags":[],"class_list":["post-152","post","type-post","status-publish","format-standard","has-post-thumbnail","hentry","category-en-los-medios"],"_links":{"self":[{"href":"https:\/\/stopcrematorioalcorcon.es\/index.php\/wp-json\/wp\/v2\/posts\/152","targetHints":{"allow":["GET"]}}],"collection":[{"href":"https:\/\/stopcrematorioalcorcon.es\/index.php\/wp-json\/wp\/v2\/posts"}],"about":[{"href":"https:\/\/stopcrematorioalcorcon.es\/index.php\/wp-json\/wp\/v2\/types\/post"}],"author":[{"embeddable":true,"href":"https:\/\/stopcrematorioalcorcon.es\/index.php\/wp-json\/wp\/v2\/users\/2"}],"replies":[{"embeddable":true,"href":"https:\/\/stopcrematorioalcorcon.es\/index.php\/wp-json\/wp\/v2\/comments?post=152"}],"version-history":[{"count":3,"href":"https:\/\/stopcrematorioalcorcon.es\/index.php\/wp-json\/wp\/v2\/posts\/152\/revisions"}],"predecessor-version":[{"id":362,"href":"https:\/\/stopcrematorioalcorcon.es\/index.php\/wp-json\/wp\/v2\/posts\/152\/revisions\/362"}],"wp:featuredmedia":[{"embeddable":true,"href":"https:\/\/stopcrematorioalcorcon.es\/index.php\/wp-json\/wp\/v2\/media\/45"}],"wp:attachment":[{"href":"https:\/\/stopcrematorioalcorcon.es\/index.php\/wp-json\/wp\/v2\/media?parent=152"}],"wp:term":[{"taxonomy":"category","embeddable":true,"href":"https:\/\/stopcrematorioalcorcon.es\/index.php\/wp-json\/wp\/v2\/categories?post=152"},{"taxonomy":"post_tag","embeddable":true,"href":"https:\/\/stopcrematorioalcorcon.es\/index.php\/wp-json\/wp\/v2\/tags?post=152"}],"curies":[{"name":"wp","href":"https:\/\/api.w.org\/{rel}","templated":true}]}}